{"id":6887,"date":"2024-06-11T20:37:41","date_gmt":"2024-06-11T18:37:41","guid":{"rendered":"https:\/\/zsgrobla.pl\/?p=6887"},"modified":"2024-06-11T20:47:48","modified_gmt":"2024-06-11T18:47:48","slug":"81-rocznica-pacyfikacji-ispiny","status":"publish","type":"post","link":"https:\/\/zsgrobla.pl\/?p=6887","title":{"rendered":"81 rocznica pacyfikacji Ispiny!"},"content":{"rendered":"\t\t<div data-elementor-type=\"wp-post\" data-elementor-id=\"6887\" class=\"elementor elementor-6887\">\n\t\t\t\t\t\t<section class=\"elementor-section elementor-top-section elementor-element elementor-element-78cd8ea elementor-section-boxed elementor-section-height-default elementor-section-height-default\" data-id=\"78cd8ea\" data-element_type=\"section\">\n\t\t\t\t\t\t<div class=\"elementor-container elementor-column-gap-default\">\n\t\t\t\t\t<div class=\"elementor-column elementor-col-100 elementor-top-column elementor-element elementor-element-5fb7288\" data-id=\"5fb7288\" data-element_type=\"column\">\n\t\t\t<div class=\"elementor-widget-wrap elementor-element-populated\">\n\t\t\t\t\t\t<div class=\"elementor-element elementor-element-8368b0f elementor-widget elementor-widget-text-editor\" data-id=\"8368b0f\" data-element_type=\"widget\" data-widget_type=\"text-editor.default\">\n\t\t\t\t<div class=\"elementor-widget-container\">\n\t\t\t\t\t\t\t<p><span style=\"font-family: Arial, sans-serif;\"><span style=\"font-size: medium;\">2 czerwca min\u0119\u0142o 81 lat od tragicznych wydarze\u0144 z 1943 roku. <\/span><\/span><\/p><p><span style=\"font-family: Arial, sans-serif;\"><span style=\"font-size: medium;\">W tym dniu mia\u0142a miejsce pacyfikacja wsi Ispina, podczas kt\u00f3rej zgin\u0119\u0142o 13 os\u00f3b. <\/span><\/span><\/p><p><span style=\"font-family: Arial, sans-serif;\"><span style=\"font-size: medium;\">3 czerwca 2023r. uczcili\u015bmy pami\u0119\u0107 pomordowanych. <\/span><\/span><\/p><p><span style=\"font-family: Arial, sans-serif;\"><span style=\"font-size: medium;\">Harcerze z naszej szko\u0142y wystawili honorowe warty przy mogile upami\u0119tniaj\u0105cej pomordowanych.<\/span><\/span><\/p><p><span style=\"font-family: Arial, sans-serif;\"><span style=\"font-size: medium;\">Wsp\u00f3lnie z Pani\u0105 Dyrektor z\u0142o\u017cyli\u015bmy wi\u0105zank\u0119 w miejscu pami\u0119ci.<\/span><\/span><\/p><p><span style=\"font-family: Arial, sans-serif;\"><span style=\"font-size: medium;\">W szkole na lekcjach historii odby\u0142a si\u0119 pogadanka o tych wydarzeniach.<\/span><\/span><\/p><p><span style=\"font-family: Arial, sans-serif;\"><span style=\"font-size: medium;\">Pami\u0119tamy o tych wydarzeniach. <\/span><\/span><\/p><p><span style=\"font-family: Arial, sans-serif;\"><span style=\"font-size: medium;\">Cze\u015b\u0107 i chwa\u0142a Bohaterom!!!<\/span><\/span><\/p><p>mgr Magdalena Piek\u0142o<\/p><p>\u00a0<\/p>\t\t\t\t\t\t<\/div>\n\t\t\t\t<\/div>\n\t\t\t\t\t<\/div>\n\t\t<\/div>\n\t\t\t\t\t<\/div>\n\t\t<\/section>\n\t\t\t\t<section class=\"elementor-section elementor-top-section elementor-element elementor-element-bf32170 elementor-section-boxed elementor-section-height-default elementor-section-height-default\" data-id=\"bf32170\" data-element_type=\"section\">\n\t\t\t\t\t\t<div class=\"elementor-container elementor-column-gap-default\">\n\t\t\t\t\t<div class=\"elementor-column elementor-col-50 elementor-top-column elementor-element elementor-element-0495deb\" data-id=\"0495deb\" data-element_type=\"column\">\n\t\t\t<div class=\"elementor-widget-wrap elementor-element-populated\">\n\t\t\t\t\t\t<div class=\"elementor-element elementor-element-357edb0 elementor-widget elementor-widget-image\" data-id=\"357edb0\" data-element_type=\"widget\" data-widget_type=\"image.default\">\n\t\t\t\t<div class=\"elementor-widget-container\">\n\t\t\t\t\t\t\t\t\t\t\t\t\t<img fetchpriority=\"high\" decoding=\"async\" width=\"500\" height=\"344\" src=\"https:\/\/zsgrobla.pl\/wp-content\/uploads\/2024\/06\/WhatsApp-Image-2024-06-10-at-17.55.49-500x344.jpeg\" class=\"attachment-swm_image_size_related_posts size-swm_image_size_related_posts wp-image-6888\" alt=\"\" srcset=\"https:\/\/zsgrobla.pl\/wp-content\/uploads\/2024\/06\/WhatsApp-Image-2024-06-10-at-17.55.49-500x344.jpeg 500w, https:\/\/zsgrobla.pl\/wp-content\/uploads\/2024\/06\/WhatsApp-Image-2024-06-10-at-17.55.49-100x70.jpeg 100w\" sizes=\"(max-width: 500px) 100vw, 500px\" \/>\t\t\t\t\t\t\t\t\t\t\t\t\t<\/div>\n\t\t\t\t<\/div>\n\t\t\t\t<div class=\"elementor-element elementor-element-d4c7bab elementor-widget elementor-widget-image\" data-id=\"d4c7bab\" data-element_type=\"widget\" data-widget_type=\"image.default\">\n\t\t\t\t<div class=\"elementor-widget-container\">\n\t\t\t\t\t\t\t\t\t\t\t\t\t<img decoding=\"async\" width=\"500\" height=\"344\" src=\"https:\/\/zsgrobla.pl\/wp-content\/uploads\/2024\/06\/WhatsApp-Image-2024-06-10-at-17.55.55-500x344.jpeg\" class=\"attachment-swm_image_size_related_posts size-swm_image_size_related_posts wp-image-6889\" alt=\"\" srcset=\"https:\/\/zsgrobla.pl\/wp-content\/uploads\/2024\/06\/WhatsApp-Image-2024-06-10-at-17.55.55-500x344.jpeg 500w, https:\/\/zsgrobla.pl\/wp-content\/uploads\/2024\/06\/WhatsApp-Image-2024-06-10-at-17.55.55-100x70.jpeg 100w\" sizes=\"(max-width: 500px) 100vw, 500px\" \/>\t\t\t\t\t\t\t\t\t\t\t\t\t<\/div>\n\t\t\t\t<\/div>\n\t\t\t\t\t<\/div>\n\t\t<\/div>\n\t\t\t\t<div class=\"elementor-column elementor-col-50 elementor-top-column elementor-element elementor-element-d53fac6\" data-id=\"d53fac6\" data-element_type=\"column\">\n\t\t\t<div class=\"elementor-widget-wrap\">\n\t\t\t\t\t\t\t<\/div>\n\t\t<\/div>\n\t\t\t\t\t<\/div>\n\t\t<\/section>\n\t\t\t\t<\/div>\n\t\t","protected":false},"excerpt":{"rendered":"<p>2 czerwca min\u0119\u0142o 81 lat od tragicznych wydarze\u0144 z 1943 roku. W tym dniu mia\u0142a miejsce pacyfikacja wsi Ispina, podczas kt\u00f3rej zgin\u0119\u0142o 13 os\u00f3b. 3 czerwca 2023r. uczcili\u015bmy pami\u0119\u0107 pomordowanych. Harcerze z naszej szko\u0142y wystawili honorowe warty przy mogile upami\u0119tniaj\u0105cej pomordowanych. Wsp\u00f3lnie z Pani\u0105 Dyrektor z\u0142o\u017cyli\u015bmy wi\u0105zank\u0119 w miejscu pami\u0119ci. [&hellip;]<\/p>\n","protected":false},"author":2,"featured_media":6899,"comment_status":"open","ping_status":"open","sticky":false,"template":"","format":"standard","meta":{"footnotes":""},"categories":[1],"tags":[],"class_list":["post-6887","post","type-post","status-publish","format-standard","has-post-thumbnail","hentry","category-bez-kategorii"],"yoast_head":"<!-- This site is optimized with the Yoast SEO plugin v22.8 - https:\/\/yoast.com\/wordpress\/plugins\/seo\/ -->\n<title>81 rocznica pacyfikacji Ispiny! - Szko\u0142a Podstawowa w Grobli<\/title>\n<meta name=\"robots\" content=\"index, follow, max-snippet:-1, max-image-preview:large, max-video-preview:-1\" \/>\n<link rel=\"canonical\" href=\"https:\/\/zsgrobla.pl\/?p=6887\" \/>\n<meta property=\"og:locale\" content=\"pl_PL\" \/>\n<meta property=\"og:type\" content=\"article\" \/>\n<meta property=\"og:title\" content=\"81 rocznica pacyfikacji Ispiny! - Szko\u0142a Podstawowa w Grobli\" \/>\n<meta property=\"og:description\" content=\"2 czerwca min\u0119\u0142o 81 lat od tragicznych wydarze\u0144 z 1943 roku. W tym dniu mia\u0142a miejsce pacyfikacja wsi Ispina, podczas kt\u00f3rej zgin\u0119\u0142o 13 os\u00f3b. 3 czerwca 2023r. uczcili\u015bmy pami\u0119\u0107 pomordowanych. Harcerze z naszej szko\u0142y wystawili honorowe warty przy mogile upami\u0119tniaj\u0105cej pomordowanych. Wsp\u00f3lnie z Pani\u0105 Dyrektor z\u0142o\u017cyli\u015bmy wi\u0105zank\u0119 w miejscu pami\u0119ci. [&hellip;]\" \/>\n<meta property=\"og:url\" content=\"https:\/\/zsgrobla.pl\/?p=6887\" \/>\n<meta property=\"og:site_name\" content=\"Szko\u0142a Podstawowa w Grobli\" \/>\n<meta property=\"article:published_time\" content=\"2024-06-11T18:37:41+00:00\" \/>\n<meta property=\"article:modified_time\" content=\"2024-06-11T18:47:48+00:00\" \/>\n<meta property=\"og:image\" content=\"https:\/\/zsgrobla.pl\/wp-content\/uploads\/2024\/06\/bohatermin.png\" \/>\n\t<meta property=\"og:image:width\" content=\"262\" \/>\n\t<meta property=\"og:image:height\" content=\"200\" \/>\n\t<meta property=\"og:image:type\" content=\"image\/png\" \/>\n<meta name=\"author\" content=\"zsgrobla\" \/>\n<meta name=\"twitter:card\" content=\"summary_large_image\" \/>\n<meta name=\"twitter:label1\" content=\"Napisane przez\" \/>\n\t<meta name=\"twitter:data1\" content=\"zsgrobla\" \/>\n<script type=\"application\/ld+json\" class=\"yoast-schema-graph\">{\"@context\":\"https:\/\/schema.org\",\"@graph\":[{\"@type\":\"WebPage\",\"@id\":\"https:\/\/zsgrobla.pl\/?p=6887\",\"url\":\"https:\/\/zsgrobla.pl\/?p=6887\",\"name\":\"81 rocznica pacyfikacji Ispiny! - Szko\u0142a Podstawowa w Grobli\",\"isPartOf\":{\"@id\":\"https:\/\/zsgrobla.pl\/#website\"},\"primaryImageOfPage\":{\"@id\":\"https:\/\/zsgrobla.pl\/?p=6887#primaryimage\"},\"image\":{\"@id\":\"https:\/\/zsgrobla.pl\/?p=6887#primaryimage\"},\"thumbnailUrl\":\"https:\/\/zsgrobla.pl\/wp-content\/uploads\/2024\/06\/bohatermin.png\",\"datePublished\":\"2024-06-11T18:37:41+00:00\",\"dateModified\":\"2024-06-11T18:47:48+00:00\",\"author\":{\"@id\":\"https:\/\/zsgrobla.pl\/#\/schema\/person\/de2b94f26459eb3c6d3995b56c3290f9\"},\"breadcrumb\":{\"@id\":\"https:\/\/zsgrobla.pl\/?p=6887#breadcrumb\"},\"inLanguage\":\"pl-PL\",\"potentialAction\":[{\"@type\":\"ReadAction\",\"target\":[\"https:\/\/zsgrobla.pl\/?p=6887\"]}]},{\"@type\":\"ImageObject\",\"inLanguage\":\"pl-PL\",\"@id\":\"https:\/\/zsgrobla.pl\/?p=6887#primaryimage\",\"url\":\"https:\/\/zsgrobla.pl\/wp-content\/uploads\/2024\/06\/bohatermin.png\",\"contentUrl\":\"https:\/\/zsgrobla.pl\/wp-content\/uploads\/2024\/06\/bohatermin.png\",\"width\":262,\"height\":200},{\"@type\":\"BreadcrumbList\",\"@id\":\"https:\/\/zsgrobla.pl\/?p=6887#breadcrumb\",\"itemListElement\":[{\"@type\":\"ListItem\",\"position\":1,\"name\":\"Home\",\"item\":\"https:\/\/zsgrobla.pl\/\"},{\"@type\":\"ListItem\",\"position\":2,\"name\":\"81 rocznica pacyfikacji Ispiny!\"}]},{\"@type\":\"WebSite\",\"@id\":\"https:\/\/zsgrobla.pl\/#website\",\"url\":\"https:\/\/zsgrobla.pl\/\",\"name\":\"Szko\u0142a Podstawowa w Grobli\",\"description\":\"Strona Publicznej Szko\u0142y Podstawowej w Grobli\",\"potentialAction\":[{\"@type\":\"SearchAction\",\"target\":{\"@type\":\"EntryPoint\",\"urlTemplate\":\"https:\/\/zsgrobla.pl\/?s={search_term_string}\"},\"query-input\":\"required name=search_term_string\"}],\"inLanguage\":\"pl-PL\"},{\"@type\":\"Person\",\"@id\":\"https:\/\/zsgrobla.pl\/#\/schema\/person\/de2b94f26459eb3c6d3995b56c3290f9\",\"name\":\"zsgrobla\",\"image\":{\"@type\":\"ImageObject\",\"inLanguage\":\"pl-PL\",\"@id\":\"https:\/\/zsgrobla.pl\/#\/schema\/person\/image\/\",\"url\":\"https:\/\/secure.gravatar.com\/avatar\/4aa35eeb53296d241d9544d809ce2446aa20fa505adc3f84fd4384e2f57d7f59?s=96&d=mm&r=g\",\"contentUrl\":\"https:\/\/secure.gravatar.com\/avatar\/4aa35eeb53296d241d9544d809ce2446aa20fa505adc3f84fd4384e2f57d7f59?s=96&d=mm&r=g\",\"caption\":\"zsgrobla\"},\"url\":\"https:\/\/zsgrobla.pl\/?author=2\"}]}<\/script>\n<!-- \/ Yoast SEO plugin. -->","yoast_head_json":{"title":"81 rocznica pacyfikacji Ispiny! - Szko\u0142a Podstawowa w Grobli","robots":{"index":"index","follow":"follow","max-snippet":"max-snippet:-1","max-image-preview":"max-image-preview:large","max-video-preview":"max-video-preview:-1"},"canonical":"https:\/\/zsgrobla.pl\/?p=6887","og_locale":"pl_PL","og_type":"article","og_title":"81 rocznica pacyfikacji Ispiny! - Szko\u0142a Podstawowa w Grobli","og_description":"2 czerwca min\u0119\u0142o 81 lat od tragicznych wydarze\u0144 z 1943 roku. W tym dniu mia\u0142a miejsce pacyfikacja wsi Ispina, podczas kt\u00f3rej zgin\u0119\u0142o 13 os\u00f3b. 3 czerwca 2023r. uczcili\u015bmy pami\u0119\u0107 pomordowanych. Harcerze z naszej szko\u0142y wystawili honorowe warty przy mogile upami\u0119tniaj\u0105cej pomordowanych. Wsp\u00f3lnie z Pani\u0105 Dyrektor z\u0142o\u017cyli\u015bmy wi\u0105zank\u0119 w miejscu pami\u0119ci. [&hellip;]","og_url":"https:\/\/zsgrobla.pl\/?p=6887","og_site_name":"Szko\u0142a Podstawowa w Grobli","article_published_time":"2024-06-11T18:37:41+00:00","article_modified_time":"2024-06-11T18:47:48+00:00","og_image":[{"width":262,"height":200,"url":"https:\/\/zsgrobla.pl\/wp-content\/uploads\/2024\/06\/bohatermin.png","type":"image\/png"}],"author":"zsgrobla","twitter_card":"summary_large_image","twitter_misc":{"Napisane przez":"zsgrobla"},"schema":{"@context":"https:\/\/schema.org","@graph":[{"@type":"WebPage","@id":"https:\/\/zsgrobla.pl\/?p=6887","url":"https:\/\/zsgrobla.pl\/?p=6887","name":"81 rocznica pacyfikacji Ispiny! - Szko\u0142a Podstawowa w Grobli","isPartOf":{"@id":"https:\/\/zsgrobla.pl\/#website"},"primaryImageOfPage":{"@id":"https:\/\/zsgrobla.pl\/?p=6887#primaryimage"},"image":{"@id":"https:\/\/zsgrobla.pl\/?p=6887#primaryimage"},"thumbnailUrl":"https:\/\/zsgrobla.pl\/wp-content\/uploads\/2024\/06\/bohatermin.png","datePublished":"2024-06-11T18:37:41+00:00","dateModified":"2024-06-11T18:47:48+00:00","author":{"@id":"https:\/\/zsgrobla.pl\/#\/schema\/person\/de2b94f26459eb3c6d3995b56c3290f9"},"breadcrumb":{"@id":"https:\/\/zsgrobla.pl\/?p=6887#breadcrumb"},"inLanguage":"pl-PL","potentialAction":[{"@type":"ReadAction","target":["https:\/\/zsgrobla.pl\/?p=6887"]}]},{"@type":"ImageObject","inLanguage":"pl-PL","@id":"https:\/\/zsgrobla.pl\/?p=6887#primaryimage","url":"https:\/\/zsgrobla.pl\/wp-content\/uploads\/2024\/06\/bohatermin.png","contentUrl":"https:\/\/zsgrobla.pl\/wp-content\/uploads\/2024\/06\/bohatermin.png","width":262,"height":200},{"@type":"BreadcrumbList","@id":"https:\/\/zsgrobla.pl\/?p=6887#breadcrumb","itemListElement":[{"@type":"ListItem","position":1,"name":"Home","item":"https:\/\/zsgrobla.pl\/"},{"@type":"ListItem","position":2,"name":"81 rocznica pacyfikacji Ispiny!"}]},{"@type":"WebSite","@id":"https:\/\/zsgrobla.pl\/#website","url":"https:\/\/zsgrobla.pl\/","name":"Szko\u0142a Podstawowa w Grobli","description":"Strona Publicznej Szko\u0142y Podstawowej w Grobli","potentialAction":[{"@type":"SearchAction","target":{"@type":"EntryPoint","urlTemplate":"https:\/\/zsgrobla.pl\/?s={search_term_string}"},"query-input":"required name=search_term_string"}],"inLanguage":"pl-PL"},{"@type":"Person","@id":"https:\/\/zsgrobla.pl\/#\/schema\/person\/de2b94f26459eb3c6d3995b56c3290f9","name":"zsgrobla","image":{"@type":"ImageObject","inLanguage":"pl-PL","@id":"https:\/\/zsgrobla.pl\/#\/schema\/person\/image\/","url":"https:\/\/secure.gravatar.com\/avatar\/4aa35eeb53296d241d9544d809ce2446aa20fa505adc3f84fd4384e2f57d7f59?s=96&d=mm&r=g","contentUrl":"https:\/\/secure.gravatar.com\/avatar\/4aa35eeb53296d241d9544d809ce2446aa20fa505adc3f84fd4384e2f57d7f59?s=96&d=mm&r=g","caption":"zsgrobla"},"url":"https:\/\/zsgrobla.pl\/?author=2"}]}},"_links":{"self":[{"href":"https:\/\/zsgrobla.pl\/index.php?rest_route=\/wp\/v2\/posts\/6887","targetHints":{"allow":["GET"]}}],"collection":[{"href":"https:\/\/zsgrobla.pl\/index.php?rest_route=\/wp\/v2\/posts"}],"about":[{"href":"https:\/\/zsgrobla.pl\/index.php?rest_route=\/wp\/v2\/types\/post"}],"author":[{"embeddable":true,"href":"https:\/\/zsgrobla.pl\/index.php?rest_route=\/wp\/v2\/users\/2"}],"replies":[{"embeddable":true,"href":"https:\/\/zsgrobla.pl\/index.php?rest_route=%2Fwp%2Fv2%2Fcomments&post=6887"}],"version-history":[{"count":9,"href":"https:\/\/zsgrobla.pl\/index.php?rest_route=\/wp\/v2\/posts\/6887\/revisions"}],"predecessor-version":[{"id":6902,"href":"https:\/\/zsgrobla.pl\/index.php?rest_route=\/wp\/v2\/posts\/6887\/revisions\/6902"}],"wp:featuredmedia":[{"embeddable":true,"href":"https:\/\/zsgrobla.pl\/index.php?rest_route=\/wp\/v2\/media\/6899"}],"wp:attachment":[{"href":"https:\/\/zsgrobla.pl\/index.php?rest_route=%2Fwp%2Fv2%2Fmedia&parent=6887"}],"wp:term":[{"taxonomy":"category","embeddable":true,"href":"https:\/\/zsgrobla.pl\/index.php?rest_route=%2Fwp%2Fv2%2Fcategories&post=6887"},{"taxonomy":"post_tag","embeddable":true,"href":"https:\/\/zsgrobla.pl\/index.php?rest_route=%2Fwp%2Fv2%2Ftags&post=6887"}],"curies":[{"name":"wp","href":"https:\/\/api.w.org\/{rel}","templated":true}]}}